{"id":3947,"date":"2025-09-13T15:46:58","date_gmt":"2025-09-13T15:46:58","guid":{"rendered":"https:\/\/www.cofradiasontinyent.com\/?p=3947"},"modified":"2025-09-15T15:56:43","modified_gmt":"2025-09-15T15:56:43","slug":"festividad-de-ntra-sra-la-virgen-maria-en-su-corazon-doloroso","status":"publish","type":"post","link":"https:\/\/www.cofradiasontinyent.com\/ca\/festividad-de-ntra-sra-la-virgen-maria-en-su-corazon-doloroso\/","title":{"rendered":"Festivitat de Ntra Sra. la Mare de D\u00e9u en el seu Cor Dolor\u00f3s"},"content":{"rendered":"<p class=\"has-vivid-purple-color has-text-color has-link-color has-large-font-size wp-elements-1 wp-block-paragraph\" style=\"font-style:normal;font-weight:600\"><strong>Festivitat de Ntra Sra. la Mare de D\u00e9u en el seu Cor Dolor\u00f3s<\/strong><\/p>\n\n\n\n<p class=\"has-black-color has-text-color has-link-color has-medium-font-size wp-elements-2 wp-block-paragraph\" style=\"font-style:normal;font-weight:600\">El dissabte 13 se setembre, la nostra confraria de La Dolorosa, celebre la festivitat, amb la realitzaci\u00f3 de l'Eucar\u00edstica a l'Esgl\u00e9sia de San Miguel , on presidia l'altar la Imatge de la nostra Dolorosa.<\/p>\n\n\n\n<figure class=\"wp-block-image size-full\"><img loading=\"lazy\" decoding=\"async\" width=\"256\" height=\"144\" src=\"https:\/\/www.cofradiasontinyent.com\/wp-content\/uploads\/2025\/09\/Foto1.jpg\" alt=\"\" class=\"wp-image-3941\"\/><\/figure>\n\n\n\n<figure class=\"wp-block-image size-full\"><img loading=\"lazy\" decoding=\"async\" width=\"256\" height=\"144\" src=\"https:\/\/www.cofradiasontinyent.com\/wp-content\/uploads\/2025\/09\/Foto2.jpg\" alt=\"\" class=\"wp-image-3942\"\/><\/figure>\n\n\n\n<p class=\"has-black-color has-text-color has-link-color has-medium-font-size wp-elements-3 wp-block-paragraph\" style=\"font-style:normal;font-weight:600\">La missa l'oficie el Rnd. Sr. Mario Bataller i van assistir els confrares de la confraria de La Dolorosa.<\/p>\n\n\n\n<figure class=\"wp-block-image size-full\"><img loading=\"lazy\" decoding=\"async\" width=\"256\" height=\"144\" src=\"https:\/\/www.cofradiasontinyent.com\/wp-content\/uploads\/2025\/09\/Foto3.jpg\" alt=\"\" class=\"wp-image-3943\"\/><\/figure>\n\n\n\n<figure class=\"wp-block-image size-full\"><img loading=\"lazy\" decoding=\"async\" width=\"256\" height=\"144\" src=\"https:\/\/www.cofradiasontinyent.com\/wp-content\/uploads\/2025\/09\/Foto4.jpg\" alt=\"\" class=\"wp-image-3944\"\/><\/figure>\n\n\n\n<p class=\"has-black-color has-text-color has-link-color has-medium-font-size wp-elements-4 wp-block-paragraph\" style=\"font-style:normal;font-weight:600\">Acabada l'eucar\u00edstica, es va procedir a col\u00b7locar de nou la imatge en el seu lloc de culte, i seguidament davant de la porta principal de l'esgl\u00e9sia es va fer una \u00e0gape per als components de la confraria.<\/p>\n\n\n\n<figure class=\"wp-block-image size-full\"><img loading=\"lazy\" decoding=\"async\" width=\"256\" height=\"144\" src=\"https:\/\/www.cofradiasontinyent.com\/wp-content\/uploads\/2025\/09\/Foto5.jpg\" alt=\"\" class=\"wp-image-3945\"\/><\/figure>\n\n\n\n<p class=\"wp-block-paragraph\"><\/p>","protected":false},"excerpt":{"rendered":"<p>Festividad de Ntra Sra. la Virgen Mar\u00eda en su Corazon Doloroso El s\u00e1bado 13 se septiembre, nuestra cofrad\u00eda de La Dolorosa, celebro la festividad, con la realizaci\u00f3n de la Eucar\u00edstica en la Iglesia de San Miguel , donde presidia el altar la Imagen de nuestra&#8230;<\/p>","protected":false},"author":1,"featured_media":3946,"comment_status":"closed","ping_status":"closed","sticky":false,"template":"","format":"standard","meta":{"footnotes":""},"categories":[10],"tags":[],"class_list":["post-3947","post","type-post","status-publish","format-standard","has-post-thumbnail","hentry","category-noticias"],"_links":{"self":[{"href":"https:\/\/www.cofradiasontinyent.com\/ca\/wp-json\/wp\/v2\/posts\/3947","targetHints":{"allow":["GET"]}}],"collection":[{"href":"https:\/\/www.cofradiasontinyent.com\/ca\/wp-json\/wp\/v2\/posts"}],"about":[{"href":"https:\/\/www.cofradiasontinyent.com\/ca\/wp-json\/wp\/v2\/types\/post"}],"author":[{"embeddable":true,"href":"https:\/\/www.cofradiasontinyent.com\/ca\/wp-json\/wp\/v2\/users\/1"}],"replies":[{"embeddable":true,"href":"https:\/\/www.cofradiasontinyent.com\/ca\/wp-json\/wp\/v2\/comments?post=3947"}],"version-history":[{"count":3,"href":"https:\/\/www.cofradiasontinyent.com\/ca\/wp-json\/wp\/v2\/posts\/3947\/revisions"}],"predecessor-version":[{"id":3952,"href":"https:\/\/www.cofradiasontinyent.com\/ca\/wp-json\/wp\/v2\/posts\/3947\/revisions\/3952"}],"wp:featuredmedia":[{"embeddable":true,"href":"https:\/\/www.cofradiasontinyent.com\/ca\/wp-json\/wp\/v2\/media\/3946"}],"wp:attachment":[{"href":"https:\/\/www.cofradiasontinyent.com\/ca\/wp-json\/wp\/v2\/media?parent=3947"}],"wp:term":[{"taxonomy":"category","embeddable":true,"href":"https:\/\/www.cofradiasontinyent.com\/ca\/wp-json\/wp\/v2\/categories?post=3947"},{"taxonomy":"post_tag","embeddable":true,"href":"https:\/\/www.cofradiasontinyent.com\/ca\/wp-json\/wp\/v2\/tags?post=3947"}],"curies":[{"name":"wp","href":"https:\/\/api.w.org\/{rel}","templated":true}]}}